{"id":127550,"date":"2025-01-14T09:30:27","date_gmt":"2025-01-14T08:30:27","guid":{"rendered":"https:\/\/www.toscanafilmcommission.it\/?p=127550"},"modified":"2025-01-14T09:36:37","modified_gmt":"2025-01-14T08:36:37","slug":"golden-globe-awards-2025-the-brutalist-earned-numerous-accolades","status":"publish","type":"post","link":"https:\/\/www.toscanafilmcommission.it\/en\/golden-globe-awards-2025-the-brutalist-earned-numerous-accolades\/","title":{"rendered":"Golden Globe Awards 2025: The Brutalist earned numerous accolades"},"content":{"rendered":"\n<h2 class=\"wp-block-heading\">The movie that was also filmed in Tuscany, won the Globe for best picture (drama), best actor for Adrien Brody&#8217;s role as the Hungarian L\u00e1szl\u00f3 T\u00f3th and best director for Brady Corbet<\/h2>\n\n\n\n<p>After winning the Silver Lion for Best Director at the<a href=\"https:\/\/www.labiennale.org\/en\/cinema\/2024\/venezia-81-competition\/brutalist\"> 81st Venice International Film Festival 2024<\/a>, the movie <em><a href=\"https:\/\/www.imdb.com\/title\/tt8999762\/\">The Brutalist<\/a><\/em> that <strong>was also shot in Tuscany<\/strong>, conquered the Golden Globes and It aims to the Oscars. <\/p>\n\n\n\n<div style=\"height:20px\" aria-hidden=\"true\" class=\"wp-block-spacer\"><\/div>\n\n\n\n<figure class=\"wp-block-image size-full is-resized\"><img loading=\"lazy\" decoding=\"async\" width=\"600\" height=\"600\" src=\"https:\/\/www.toscanafilmcommission.it\/wp-content\/uploads\/2025\/01\/The-brutalist-2.jpg\" alt=\"\" class=\"wp-image-127553\" style=\"width:490px;height:auto\" srcset=\"https:\/\/www.toscanafilmcommission.it\/wp-content\/uploads\/2025\/01\/The-brutalist-2.jpg 600w, https:\/\/www.toscanafilmcommission.it\/wp-content\/uploads\/2025\/01\/The-brutalist-2-300x300.jpg 300w, https:\/\/www.toscanafilmcommission.it\/wp-content\/uploads\/2025\/01\/The-brutalist-2-165x165.jpg 165w, https:\/\/www.toscanafilmcommission.it\/wp-content\/uploads\/2025\/01\/The-brutalist-2-265x265.jpg 265w\" sizes=\"auto, (max-width: 600px) 100vw, 600px\" \/><figcaption class=\"wp-element-caption\"><em>(\u00a9 Ecoframes)<\/em><\/figcaption><\/figure>\n\n\n\n<div style=\"height:20px\" aria-hidden=\"true\" class=\"wp-block-spacer\"><\/div>\n\n\n\n<p>The movie, which came into the night of the Annual Golden Globes award ceremony with seven nominations, earned numerous accolades, with <a href=\"https:\/\/www.imdb.com\/name\/nm0004778\/\">Adrien Brod<\/a>y taking home his first Golden Globe for his leading role, <a href=\"https:\/\/www.mymovies.it\/persone\/brady-corbet\/30601\/\">Brady Corbet<\/a>, who also co-wrote the film, earning a best director win, and the movie ultimately claiming the title of best drama motion picture<\/p>\n\n\n\n<p><strong>Synopsis<\/strong><\/p>\n\n\n\n<p>The Brutalist chronicles the journey of Hungarian-born Jewish architect, L\u00e1szl\u00f3 T\u00f3th, who emigrates to the United States of America in 1947. Initially forced to toil in poverty, he soon wins a contract that will change the course of the next 30 years of his life.<\/p>\n\n\n\n<div style=\"height:20px\" aria-hidden=\"true\" class=\"wp-block-spacer\"><\/div>\n\n\n\n<figure class=\"wp-block-image size-full is-resized\"><img loading=\"lazy\" decoding=\"async\" width=\"600\" height=\"600\" src=\"https:\/\/www.toscanafilmcommission.it\/wp-content\/uploads\/2025\/01\/The-Brutalist-Carrara-1.jpg\" alt=\"\" class=\"wp-image-127552\" style=\"width:507px;height:auto\" srcset=\"https:\/\/www.toscanafilmcommission.it\/wp-content\/uploads\/2025\/01\/The-Brutalist-Carrara-1.jpg 600w, https:\/\/www.toscanafilmcommission.it\/wp-content\/uploads\/2025\/01\/The-Brutalist-Carrara-1-300x300.jpg 300w, https:\/\/www.toscanafilmcommission.it\/wp-content\/uploads\/2025\/01\/The-Brutalist-Carrara-1-165x165.jpg 165w, https:\/\/www.toscanafilmcommission.it\/wp-content\/uploads\/2025\/01\/The-Brutalist-Carrara-1-265x265.jpg 265w\" sizes=\"auto, (max-width: 600px) 100vw, 600px\" \/><figcaption class=\"wp-element-caption\">(<em>Backstage in Carrara \u00a9 Ecoframes<\/em>)<\/figcaption><\/figure>\n\n\n\n<div style=\"height:20px\" aria-hidden=\"true\" class=\"wp-block-spacer\"><\/div>\n\n\n\n<p>The movie was already released in the U.S. \u00a0and is scheduled to be released in the United Kingdom by Universal Pictures and Focus Features on January 24 and in Italy on February 6, 2025. Filming took place for a few days in <strong>Carrara<\/strong> in April 2023, involving the city center, <strong>Corso Rosselli<\/strong>, <strong>Drogheria Riacci<\/strong> and the <strong>Cava Corsi in Colonnata<\/strong>.<\/p>\n","protected":false},"excerpt":{"rendered":"<p>The movie was already released in the U.S. \u00a0and is scheduled to be released in the United Kingdom by Universal Pictures and Focus Features on January 24 and in Italy on February 6, 2025.<\/p>\n","protected":false},"author":3,"featured_media":127562,"comment_status":"closed","ping_status":"open","sticky":false,"template":"","format":"standard","meta":{"_acf_changed":false,"_monsterinsights_skip_tracking":false,"_monsterinsights_sitenote_active":false,"_monsterinsights_sitenote_note":"","_monsterinsights_sitenote_category":0,"ngg_post_thumbnail":0,"footnotes":""},"categories":[14],"tags":[23580,23582],"class_list":["post-127550","post","type-post","status-publish","format-standard","has-post-thumbnail","hentry","category-news-en","tag-adrien-brody-2","tag-the-brutalist-2"],"acf":[],"_links":{"self":[{"href":"https:\/\/www.toscanafilmcommission.it\/en\/wp-json\/wp\/v2\/posts\/127550","targetHints":{"allow":["GET"]}}],"collection":[{"href":"https:\/\/www.toscanafilmcommission.it\/en\/wp-json\/wp\/v2\/posts"}],"about":[{"href":"https:\/\/www.toscanafilmcommission.it\/en\/wp-json\/wp\/v2\/types\/post"}],"author":[{"embeddable":true,"href":"https:\/\/www.toscanafilmcommission.it\/en\/wp-json\/wp\/v2\/users\/3"}],"replies":[{"embeddable":true,"href":"https:\/\/www.toscanafilmcommission.it\/en\/wp-json\/wp\/v2\/comments?post=127550"}],"version-history":[{"count":7,"href":"https:\/\/www.toscanafilmcommission.it\/en\/wp-json\/wp\/v2\/posts\/127550\/revisions"}],"predecessor-version":[{"id":127565,"href":"https:\/\/www.toscanafilmcommission.it\/en\/wp-json\/wp\/v2\/posts\/127550\/revisions\/127565"}],"wp:featuredmedia":[{"embeddable":true,"href":"https:\/\/www.toscanafilmcommission.it\/en\/wp-json\/wp\/v2\/media\/127562"}],"wp:attachment":[{"href":"https:\/\/www.toscanafilmcommission.it\/en\/wp-json\/wp\/v2\/media?parent=127550"}],"wp:term":[{"taxonomy":"category","embeddable":true,"href":"https:\/\/www.toscanafilmcommission.it\/en\/wp-json\/wp\/v2\/categories?post=127550"},{"taxonomy":"post_tag","embeddable":true,"href":"https:\/\/www.toscanafilmcommission.it\/en\/wp-json\/wp\/v2\/tags?post=127550"}],"curies":[{"name":"wp","href":"https:\/\/api.w.org\/{rel}","templated":true}]}}