{"id":127179,"date":"2024-12-13T16:42:53","date_gmt":"2024-12-13T15:42:53","guid":{"rendered":"https:\/\/www.toscanafilmcommission.it\/?p=127179"},"modified":"2025-01-14T09:33:13","modified_gmt":"2025-01-14T08:33:13","slug":"golden-globes-2025-7-nominations-for-the-brutalist-filmed-in-tuscany","status":"publish","type":"post","link":"https:\/\/www.toscanafilmcommission.it\/en\/golden-globes-2025-7-nominations-for-the-brutalist-filmed-in-tuscany\/","title":{"rendered":"Golden Globes 2025: 7 nominations for &#8220;The Brutalist&#8221; filmed in Tuscany"},"content":{"rendered":"\n<h2 class=\"wp-block-heading\">Three nominations also for Cuaron&#8217;s thriller series Disclaimer<\/h2>\n\n\n\n<p>Musical thriller <em>Emilia Perez<\/em> and post-World War Two epic <em><a href=\"https:\/\/www.imdb.com\/title\/tt8999762\/\">The Brutalist<\/a><\/em> topped the roster of films nominated for <a href=\"https:\/\/goldenglobes.com\/\">the 2025 Golden Globes<\/a>, the Hollywood honors that kick off the awards season leading to the Oscars. <em>The Brutalist<\/em> scored seven nods: <strong>Best Motion Picture<\/strong> \u2013 Drama, <strong>Best Director<\/strong> \u2014 Motion Picture, <strong>Best Performance by a Male Actor <\/strong>(Adrien Brody), <strong>Best Performance by a Male Actor<\/strong> <strong>in a Supporting Role<\/strong> (Guy Pearce), <strong>Best Performance by a Female Actor in a Supporting Role<\/strong> (Felicity Jones), <strong>Best Screenplay<\/strong> \u2013 Motion Picture (Bardy Corbet and Mona Fastvold), <strong>Best Original Score<\/strong> (Daniel Blumberg). <\/p>\n\n\n\n<div style=\"height:20px\" aria-hidden=\"true\" class=\"wp-block-spacer\"><\/div>\n\n\n\n<figure class=\"wp-block-embed is-type-video is-provider-youtube wp-block-embed-youtube wp-embed-aspect-16-9 wp-has-aspect-ratio\"><div class=\"wp-block-embed__wrapper\">\n<iframe loading=\"lazy\" title=\"The Brutalist | Official Trailer HD | A24\" width=\"500\" height=\"281\" src=\"https:\/\/www.youtube.com\/embed\/6d7yU379Ur0?feature=oembed\" frameborder=\"0\" allow=\"accelerometer; autoplay; clipboard-write; encrypted-media; gyroscope; picture-in-picture; web-share\" referrerpolicy=\"strict-origin-when-cross-origin\" allowfullscreen><\/iframe>\n<\/div><\/figure>\n\n\n\n<div style=\"height:15px\" aria-hidden=\"true\" class=\"wp-block-spacer\"><\/div>\n\n\n\n<h4 class=\"wp-block-heading\">Locations<\/h4>\n\n\n\n<p>The Brutalist, written and directed by Brady Corbet, was filmed for several weeks in <strong>Carrara<\/strong> on April 2023. The set involved the city\u2019s historic centre, <strong>Corso Rosselli<\/strong>, <strong>Drogheria Riacci<\/strong>, <strong>the Bettogli Quarry <\/strong>and <strong>the Corsi Quarry in Colonnata<\/strong>. The cast included Adrien Brody, Guy Pearce and Felicity Jones.<\/p>\n\n\n\n<div style=\"height:20px\" aria-hidden=\"true\" class=\"wp-block-spacer\"><\/div>\n\n\n\n<figure class=\"wp-block-image size-full is-resized\"><img loading=\"lazy\" decoding=\"async\" width=\"1024\" height=\"768\" src=\"https:\/\/www.toscanafilmcommission.it\/wp-content\/uploads\/2024\/07\/the-brutalist.jpg\" alt=\"\" class=\"wp-image-124629\" style=\"width:635px;height:auto\" srcset=\"https:\/\/www.toscanafilmcommission.it\/wp-content\/uploads\/2024\/07\/the-brutalist.jpg 1024w, https:\/\/www.toscanafilmcommission.it\/wp-content\/uploads\/2024\/07\/the-brutalist-300x225.jpg 300w, https:\/\/www.toscanafilmcommission.it\/wp-content\/uploads\/2024\/07\/the-brutalist-768x576.jpg 768w\" sizes=\"auto, (max-width: 1024px) 100vw, 1024px\" \/><figcaption class=\"wp-element-caption\"><em>(\u00a9 TFC)<\/em><\/figcaption><\/figure>\n\n\n\n<div style=\"height:15px\" aria-hidden=\"true\" class=\"wp-block-spacer\"><\/div>\n\n\n\n<h4 class=\"wp-block-heading\">An historical drama<\/h4>\n\n\n\n<p>The movie chronicles the journey of Hungarian-born Jewish architect L\u00e1szl\u00f3 T\u00f3th (Brody), who emigrates to the United States of America in 1947. Initially forced to toil in poverty, he soon wins a contract that will change the course of the next 30 years of his life. Guy Pearce, Joe Alwyn, Alessandro Nivola and Jonathan Hyde also star in the film, which Corbet co-wrote with his wife Mona Fastvold (\u201cThe Sleepwalker\u201d).<\/p>\n\n\n\n<h4 class=\"wp-block-heading\">Disclaimer<\/h4>\n\n\n\n<p>The thriller series <em><a href=\"https:\/\/www.imdb.com\/title\/tt16294384\/\">Disclaimer<\/a><\/em>  has been nominated in three categories: for <strong>best performance by<\/strong> <strong>Cate Blanchett<\/strong> <strong>and by<\/strong> <strong>Kevin Kline<\/strong>, <strong>Best Television Limited Series<\/strong>, <strong>Anthology Series or Motion Picture Made For Television<\/strong>. <a href=\"https:\/\/www.imdb.com\/name\/nm0190859\/\">Alfonso Cuar\u00f3n<\/a>\u2019s series filmed in Tuscany. Filming took place for four weeks between September and October 2022 in <strong>Viareggio<\/strong>, <strong>Forte dei Marmi<\/strong>, <strong>Pisa<\/strong> and <strong>Massa Carrara<\/strong>.<\/p>\n\n\n\n<div style=\"height:20px\" aria-hidden=\"true\" class=\"wp-block-spacer\"><\/div>\n\n\n\n<figure class=\"wp-block-embed is-type-video is-provider-youtube wp-block-embed-youtube wp-embed-aspect-16-9 wp-has-aspect-ratio\"><div class=\"wp-block-embed__wrapper\">\n<iframe loading=\"lazy\" title=\"DISCLAIMER* \u2014 Official Trailer | Apple TV+\" width=\"500\" height=\"281\" src=\"https:\/\/www.youtube.com\/embed\/so6XoqZgbVM?feature=oembed\" frameborder=\"0\" allow=\"accelerometer; autoplay; clipboard-write; encrypted-media; gyroscope; picture-in-picture; web-share\" referrerpolicy=\"strict-origin-when-cross-origin\" allowfullscreen><\/iframe>\n<\/div><\/figure>\n\n\n\n<div style=\"height:20px\" aria-hidden=\"true\" class=\"wp-block-spacer\"><\/div>\n\n\n\n<p>Based on the bestselling novel of the same name by Ren\u00e9e Knight, <em>Disclaimer<\/em> follows acclaimed journalist Catherine Ravenscroft (Blanchett), who \u201cbuilt her reputation revealing the misdeeds and transgressions of others.\u201d Per the logline, \u201cWhen she receives a novel from an unknown author, she is horrified to realize she is now the main character in a story that exposes her darkest secrets. As Catherine races to uncover the writer\u2019s true identity, she is forced to confront her past before it destroys both her own life and her relationships with her husband Robert (Sacha Baron Cohen) and their son Nicholas (Kodi Smit-McPhee).\u201d<\/p>\n","protected":false},"excerpt":{"rendered":"<p>Musical thriller Emilia Perez and post-World War Two epic The Brutalist topped the roster of films nominated for the 2025 Golden Globes. <\/p>\n","protected":false},"author":3,"featured_media":125178,"comment_status":"closed","ping_status":"open","sticky":false,"template":"","format":"standard","meta":{"_acf_changed":false,"_monsterinsights_skip_tracking":false,"_monsterinsights_sitenote_active":false,"_monsterinsights_sitenote_note":"","_monsterinsights_sitenote_category":0,"ngg_post_thumbnail":0,"footnotes":""},"categories":[14],"tags":[23544,23582,23676],"class_list":["post-127179","post","type-post","status-publish","format-standard","has-post-thumbnail","hentry","category-news-en","tag-disclaimer-2","tag-the-brutalist-2","tag-the-golden-globes-2025"],"acf":[],"_links":{"self":[{"href":"https:\/\/www.toscanafilmcommission.it\/en\/wp-json\/wp\/v2\/posts\/127179","targetHints":{"allow":["GET"]}}],"collection":[{"href":"https:\/\/www.toscanafilmcommission.it\/en\/wp-json\/wp\/v2\/posts"}],"about":[{"href":"https:\/\/www.toscanafilmcommission.it\/en\/wp-json\/wp\/v2\/types\/post"}],"author":[{"embeddable":true,"href":"https:\/\/www.toscanafilmcommission.it\/en\/wp-json\/wp\/v2\/users\/3"}],"replies":[{"embeddable":true,"href":"https:\/\/www.toscanafilmcommission.it\/en\/wp-json\/wp\/v2\/comments?post=127179"}],"version-history":[{"count":7,"href":"https:\/\/www.toscanafilmcommission.it\/en\/wp-json\/wp\/v2\/posts\/127179\/revisions"}],"predecessor-version":[{"id":127561,"href":"https:\/\/www.toscanafilmcommission.it\/en\/wp-json\/wp\/v2\/posts\/127179\/revisions\/127561"}],"wp:featuredmedia":[{"embeddable":true,"href":"https:\/\/www.toscanafilmcommission.it\/en\/wp-json\/wp\/v2\/media\/125178"}],"wp:attachment":[{"href":"https:\/\/www.toscanafilmcommission.it\/en\/wp-json\/wp\/v2\/media?parent=127179"}],"wp:term":[{"taxonomy":"category","embeddable":true,"href":"https:\/\/www.toscanafilmcommission.it\/en\/wp-json\/wp\/v2\/categories?post=127179"},{"taxonomy":"post_tag","embeddable":true,"href":"https:\/\/www.toscanafilmcommission.it\/en\/wp-json\/wp\/v2\/tags?post=127179"}],"curies":[{"name":"wp","href":"https:\/\/api.w.org\/{rel}","templated":true}]}}