{"id":125177,"date":"2024-09-10T10:32:56","date_gmt":"2024-09-10T08:32:56","guid":{"rendered":"https:\/\/www.toscanafilmcommission.it\/?p=125177"},"modified":"2024-09-10T10:37:16","modified_gmt":"2024-09-10T08:37:16","slug":"the-brutalist-wins-the-silver-lion-award-for-best-director-at-the-venice-film-festival","status":"publish","type":"post","link":"https:\/\/www.toscanafilmcommission.it\/en\/the-brutalist-wins-the-silver-lion-award-for-best-director-at-the-venice-film-festival\/","title":{"rendered":"The Brutalist wins the Silver Lion Award for Best Director at the Venice Film Festival"},"content":{"rendered":"\n<h2 class=\"wp-block-heading\">Brady Corbet&#8217;s movie was also shot in Tuscany<\/h2>\n\n\n\n<p><em><a href=\"https:\/\/www.imdb.com\/title\/tt8999762\/\">The Brutalist<\/a><\/em> written and directed by <strong>Brady Corbet<\/strong> scored a lengthy 12-minute standing ovation at <a href=\"https:\/\/www.labiennale.org\/en\/cinema\/2024\">Venice International Film Festival<\/a> and landed Corbet the Silver Lion award for best director. The Brutalist was filmed for several weeks in <strong>Carrara<\/strong>\u00a0on April 2023. The set involved the city\u2019s historic centre, Corso Rosselli, Drogheria Riacci, the Bettogli Quarry and the Corsi Quarry in Colonnata. The cast included <a href=\"https:\/\/www.instagram.com\/adrienbrody\/\">Adrien Brody<\/a>, <a href=\"https:\/\/www.instagram.com\/officialguypearce_\/\">Guy Pearce<\/a> and <a href=\"https:\/\/www.instagram.com\/felicity.jones\/\">Felicity Jones<\/a>.<\/p>\n\n\n\n<div style=\"height:20px\" aria-hidden=\"true\" class=\"wp-block-spacer\"><\/div>\n\n\n\n<figure class=\"wp-block-image size-full is-resized\"><a href=\"https:\/\/www.toscanafilmcommission.it\/wp-content\/uploads\/2024\/07\/the-brutalist.jpg\" data-rel=\"lightbox-gallery-sSbBfoAQ\" data-rl_title=\"\" data-rl_caption=\"\" title=\"\"><img loading=\"lazy\" decoding=\"async\" width=\"1024\" height=\"768\" src=\"https:\/\/www.toscanafilmcommission.it\/wp-content\/uploads\/2024\/07\/the-brutalist.jpg\" alt=\"\" class=\"wp-image-124629\" style=\"width:644px;height:auto\" srcset=\"https:\/\/www.toscanafilmcommission.it\/wp-content\/uploads\/2024\/07\/the-brutalist.jpg 1024w, https:\/\/www.toscanafilmcommission.it\/wp-content\/uploads\/2024\/07\/the-brutalist-300x225.jpg 300w, https:\/\/www.toscanafilmcommission.it\/wp-content\/uploads\/2024\/07\/the-brutalist-768x576.jpg 768w\" sizes=\"auto, (max-width: 1024px) 100vw, 1024px\" \/><\/a><figcaption class=\"wp-element-caption\">(<em>The Brutalist, backstage in Carrara \u00a9TFC<\/em>)<\/figcaption><\/figure>\n\n\n\n<h4 class=\"wp-block-heading\"><strong>An historical drama <\/strong><\/h4>\n\n\n\n<p>The movie chronicles the journey of Hungarian-born Jewish architect L\u00e1szl\u00f3 T\u00f3th (<strong>Brody<\/strong>), who emigrates to the United States of America in 1947. Initially forced to toil in poverty, he soon wins a contract that will change the course of the next 30 years of his life. Guy Pearce, Joe Alwyn, Alessandro Nivola and Jonathan Hyde also star in the film, which Corbet co-wrote with his wife Mona Fastvold (\u201cThe Sleepwalker\u201d).<br><\/p>\n\n\n\n<h4 class=\"wp-block-heading\"><strong>The director&#8217;s statement <\/strong><\/h4>\n\n\n\n<p>When drafting a formal statement or note of intent, it\u2019s customary to elaborate on a project\u2019s themes\/aesthetic, but following the better part of a decade spent revving the engine to bring this particular story to life, I would instead like to take the opportunity here to thank each and every one of the collaborators that made the \u201cimpossible movie\u201d possible. <\/p>\n\n\n\n<p>My cast, my crew, my family\u2014words are not enough. It was an honour and a privilege to bring The Brutalist to audiences at the 81st Venice Film Festival<br><\/p>\n","protected":false},"excerpt":{"rendered":"<p>Brady Corbet breaks through in his third feature, an engrossing epic starring Adrien Brody as a visionary architect. The movie was filmed for several weeks in Carrara.\u00a0<\/p>\n","protected":false},"author":3,"featured_media":125178,"comment_status":"closed","ping_status":"open","sticky":false,"template":"","format":"standard","meta":{"_acf_changed":false,"_monsterinsights_skip_tracking":false,"_monsterinsights_sitenote_active":false,"_monsterinsights_sitenote_note":"","_monsterinsights_sitenote_category":0,"ngg_post_thumbnail":0,"footnotes":""},"categories":[14],"tags":[23580,23581,23582,22048],"class_list":["post-125177","post","type-post","status-publish","format-standard","has-post-thumbnail","hentry","category-news-en","tag-adrien-brody-2","tag-brady-corbet","tag-the-brutalist-2","tag-venice-film-festival"],"acf":[],"_links":{"self":[{"href":"https:\/\/www.toscanafilmcommission.it\/en\/wp-json\/wp\/v2\/posts\/125177","targetHints":{"allow":["GET"]}}],"collection":[{"href":"https:\/\/www.toscanafilmcommission.it\/en\/wp-json\/wp\/v2\/posts"}],"about":[{"href":"https:\/\/www.toscanafilmcommission.it\/en\/wp-json\/wp\/v2\/types\/post"}],"author":[{"embeddable":true,"href":"https:\/\/www.toscanafilmcommission.it\/en\/wp-json\/wp\/v2\/users\/3"}],"replies":[{"embeddable":true,"href":"https:\/\/www.toscanafilmcommission.it\/en\/wp-json\/wp\/v2\/comments?post=125177"}],"version-history":[{"count":4,"href":"https:\/\/www.toscanafilmcommission.it\/en\/wp-json\/wp\/v2\/posts\/125177\/revisions"}],"predecessor-version":[{"id":125187,"href":"https:\/\/www.toscanafilmcommission.it\/en\/wp-json\/wp\/v2\/posts\/125177\/revisions\/125187"}],"wp:featuredmedia":[{"embeddable":true,"href":"https:\/\/www.toscanafilmcommission.it\/en\/wp-json\/wp\/v2\/media\/125178"}],"wp:attachment":[{"href":"https:\/\/www.toscanafilmcommission.it\/en\/wp-json\/wp\/v2\/media?parent=125177"}],"wp:term":[{"taxonomy":"category","embeddable":true,"href":"https:\/\/www.toscanafilmcommission.it\/en\/wp-json\/wp\/v2\/categories?post=125177"},{"taxonomy":"post_tag","embeddable":true,"href":"https:\/\/www.toscanafilmcommission.it\/en\/wp-json\/wp\/v2\/tags?post=125177"}],"curies":[{"name":"wp","href":"https:\/\/api.w.org\/{rel}","templated":true}]}}